{"id":12339,"date":"2024-10-29T13:57:00","date_gmt":"2024-10-29T12:57:00","guid":{"rendered":"https:\/\/www.biblio.univ-evry.fr\/?p=12339"},"modified":"2024-10-31T15:55:48","modified_gmt":"2024-10-31T14:55:48","slug":"open-science-week-2024","status":"publish","type":"post","link":"https:\/\/www.biblio.univ-evry.fr\/index.php\/2024\/10\/29\/open-science-week-2024\/","title":{"rendered":"Open Science Week 2024"},"content":{"rendered":"\t\t<div data-elementor-type=\"wp-post\" data-elementor-id=\"12339\" class=\"elementor elementor-12339\">\n\t\t\t\t\t\t<section class=\"elementor-section elementor-top-section elementor-element elementor-element-bc4afca elementor-section-boxed elementor-section-height-default elementor-section-height-default\" data-id=\"bc4afca\" data-element_type=\"section\" data-e-type=\"section\">\n\t\t\t\t\t\t<div class=\"elementor-container elementor-column-gap-default\">\n\t\t\t\t\t<div class=\"elementor-column elementor-col-66 elementor-top-column elementor-element elementor-element-8787a7e\" data-id=\"8787a7e\" data-element_type=\"column\" data-e-type=\"column\">\n\t\t\t<div class=\"elementor-widget-wrap elementor-element-populated\">\n\t\t\t\t\t\t<div class=\"elementor-element elementor-element-18954d2 elementor-widget elementor-widget-text-editor\" data-id=\"18954d2\" data-element_type=\"widget\" data-e-type=\"widget\" data-widget_type=\"text-editor.default\">\n\t\t\t\t<div class=\"elementor-widget-container\">\n\t\t\t\t\t\t\t\t\t<p>Du<strong> lundi 4 au vendredi 8 novembre 2024<\/strong>, l&rsquo;universit\u00e9 Paris-Saclay organise l&rsquo;<em><strong>Open Science Week<\/strong><\/em>.<\/p><p>Cet \u00e9v\u00e8nement, dans la continuit\u00e9 du mouvement international l&rsquo;<em>Open Acces Week<\/em>, sera l\u2019occasion de revenir sur<strong> les bonnes\u202fpratiques et les d\u00e9fis disciplinaires<\/strong>\u202fdans les domaines tels que les sciences humaines et sociales, g\u00e9osciences\/environnement, les sciences du vivant, la sant\u00e9\u2026<\/p><p>Cette \u00e9dition se tiendra en essentiellement en distanciel (table ronde, conf\u00e9rence, etc), et plusieurs \u00e9tablissements proposeront des stands sur leurs campus respectifs.<\/p>\t\t\t\t\t\t\t\t<\/div>\n\t\t\t\t<\/div>\n\t\t\t\t<div class=\"elementor-element elementor-element-f4906a1 elementor-align-center elementor-widget elementor-widget-button\" data-id=\"f4906a1\" data-element_type=\"widget\" data-e-type=\"widget\" data-widget_type=\"button.default\">\n\t\t\t\t<div class=\"elementor-widget-container\">\n\t\t\t\t\t\t\t\t\t<div class=\"elementor-button-wrapper\">\n\t\t\t\t\t<a class=\"elementor-button elementor-button-link elementor-size-sm\" href=\"https:\/\/osw2024.sciencesconf.org\/\" target=\"_blank\">\n\t\t\t\t\t\t<span class=\"elementor-button-content-wrapper\">\n\t\t\t\t\t\t<span class=\"elementor-button-icon\">\n\t\t\t\t<i aria-hidden=\"true\" class=\"fas fa-external-link-square-alt\"><\/i>\t\t\t<\/span>\n\t\t\t\t\t\t\t\t\t<span class=\"elementor-button-text\">Programme et inscription<\/span>\n\t\t\t\t\t<\/span>\n\t\t\t\t\t<\/a>\n\t\t\t\t<\/div>\n\t\t\t\t\t\t\t\t<\/div>\n\t\t\t\t<\/div>\n\t\t\t\t\t<\/div>\n\t\t<\/div>\n\t\t\t\t<div class=\"elementor-column elementor-col-33 elementor-top-column elementor-element elementor-element-189e357\" data-id=\"189e357\" data-element_type=\"column\" data-e-type=\"column\">\n\t\t\t<div class=\"elementor-widget-wrap elementor-element-populated\">\n\t\t\t\t\t\t<div class=\"elementor-element elementor-element-d0dc4db elementor-widget elementor-widget-image\" data-id=\"d0dc4db\" data-element_type=\"widget\" data-e-type=\"widget\" data-widget_type=\"image.default\">\n\t\t\t\t<div class=\"elementor-widget-container\">\n\t\t\t\t\t\t\t\t\t\t\t\t\t\t\t<img decoding=\"async\" src=\"https:\/\/www.biblio.univ-evry.fr\/wp-content\/uploads\/2024\/10\/RS_OPEN-SCIENCE-2024.jpg\" title=\"\" alt=\"\" loading=\"lazy\" \/>\t\t\t\t\t\t\t\t\t\t\t\t\t\t\t<\/div>\n\t\t\t\t<\/div>\n\t\t\t\t\t<\/div>\n\t\t<\/div>\n\t\t\t\t\t<\/div>\n\t\t<\/section>\n\t\t\t\t<section class=\"elementor-section elementor-top-section elementor-element elementor-element-2ab8a34 elementor-section-boxed elementor-section-height-default elementor-section-height-default\" data-id=\"2ab8a34\" data-element_type=\"section\" data-e-type=\"section\">\n\t\t\t\t\t\t<div class=\"elementor-container elementor-column-gap-default\">\n\t\t\t\t\t<div class=\"elementor-column elementor-col-100 elementor-top-column elementor-element elementor-element-bdf8584\" data-id=\"bdf8584\" data-element_type=\"column\" data-e-type=\"column\">\n\t\t\t<div class=\"elementor-widget-wrap elementor-element-populated\">\n\t\t\t\t\t\t<div class=\"elementor-element elementor-element-6f981b5 elementor-widget elementor-widget-text-editor\" data-id=\"6f981b5\" data-element_type=\"widget\" data-e-type=\"widget\" data-widget_type=\"text-editor.default\">\n\t\t\t\t<div class=\"elementor-widget-container\">\n\t\t\t\t\t\t\t\t\t<p>\u00c0 cette occasion, la Mission d&rsquo;Appui \u00e0 la Recherche et \u00e0 la Science Ouverte (MARSO) de la biblioth\u00e8que universitaire d\u2019\u00c9vry propose 3 stands, qu&rsquo;elle tiendra sur diff\u00e9rents sites du campus d\u2019\u00c9vry.<\/p><h6>Au programme \u00e0 \u00c9vry:<\/h6><ul><li><strong>Mardi 5 novembre, 12h-14h<\/strong> : Hall du b\u00e2timent <strong>Pelvoux<\/strong>.<\/li><li><strong>Jeudi 7 novembre, 12h-14h<\/strong> : Hall du b\u00e2timent du <strong>Facteur Cheval<\/strong>.<\/li><li><strong>Vendredi 8 novembre<\/strong>, <strong>12h-14h<\/strong> : Hall du b\u00e2timent <strong>Maupertuis<\/strong>.<\/li><\/ul><p>Retrouvez toutes les informations concernant cet \u00e9v\u00e9nement sur le site de l&rsquo;<a href=\"https:\/\/osw2024.sciencesconf.org\/\">OSW 2024<\/a>, et retrouvez l&rsquo;\u00e9quipe de la MARSO \u00e0 partir du 5 novembre dans le hall du b\u00e2timent Pelvoux, o\u00f9 nous vous attendons nombreux !<\/p>\t\t\t\t\t\t\t\t<\/div>\n\t\t\t\t<\/div>\n\t\t\t\t\t<\/div>\n\t\t<\/div>\n\t\t\t\t\t<\/div>\n\t\t<\/section>\n\t\t\t\t<\/div>\n\t\t","protected":false},"excerpt":{"rendered":"<p>Du lundi 4 au vendredi 8 novembre 2024, l&rsquo;universit\u00e9 Paris-Saclay organise l&rsquo;Open Science Week. La BU d\u2019\u00c9vry tiendra des stands sur le campus.<\/p>\n","protected":false},"author":14,"featured_media":0,"comment_status":"closed","ping_status":"closed","sticky":false,"template":"","format":"standard","meta":{"wpupg_custom_link":[],"wpupg_custom_link_behaviour":[],"wpupg_custom_link_nofollow":[],"wpupg_custom_image":[],"wpupg_custom_image_id":[],"footnotes":""},"categories":[78,70],"tags":[],"class_list":["post-12339","post","type-post","status-publish","format-standard","hentry","category-journee-detude","category-stand"],"_links":{"self":[{"href":"https:\/\/www.biblio.univ-evry.fr\/index.php\/wp-json\/wp\/v2\/posts\/12339","targetHints":{"allow":["GET"]}}],"collection":[{"href":"https:\/\/www.biblio.univ-evry.fr\/index.php\/wp-json\/wp\/v2\/posts"}],"about":[{"href":"https:\/\/www.biblio.univ-evry.fr\/index.php\/wp-json\/wp\/v2\/types\/post"}],"author":[{"embeddable":true,"href":"https:\/\/www.biblio.univ-evry.fr\/index.php\/wp-json\/wp\/v2\/users\/14"}],"replies":[{"embeddable":true,"href":"https:\/\/www.biblio.univ-evry.fr\/index.php\/wp-json\/wp\/v2\/comments?post=12339"}],"version-history":[{"count":26,"href":"https:\/\/www.biblio.univ-evry.fr\/index.php\/wp-json\/wp\/v2\/posts\/12339\/revisions"}],"predecessor-version":[{"id":12370,"href":"https:\/\/www.biblio.univ-evry.fr\/index.php\/wp-json\/wp\/v2\/posts\/12339\/revisions\/12370"}],"wp:attachment":[{"href":"https:\/\/www.biblio.univ-evry.fr\/index.php\/wp-json\/wp\/v2\/media?parent=12339"}],"wp:term":[{"taxonomy":"category","embeddable":true,"href":"https:\/\/www.biblio.univ-evry.fr\/index.php\/wp-json\/wp\/v2\/categories?post=12339"},{"taxonomy":"post_tag","embeddable":true,"href":"https:\/\/www.biblio.univ-evry.fr\/index.php\/wp-json\/wp\/v2\/tags?post=12339"}],"curies":[{"name":"wp","href":"https:\/\/api.w.org\/{rel}","templated":true}]}}